{"id":2018,"date":"2024-10-07T13:57:56","date_gmt":"2024-10-07T11:57:56","guid":{"rendered":"https:\/\/migrosproddev.wpenginepowered.com\/?p=2018"},"modified":"2024-10-17T20:23:42","modified_gmt":"2024-10-17T18:23:42","slug":"une-assurance-pour-vous-et-votre-credit-prive","status":"publish","type":"post","link":"https:\/\/www.migros-versicherungen.ch\/fr\/blog\/une-assurance-pour-vous-et-votre-credit-prive\/","title":{"rendered":"Une assurance pour vous et votre cr\u00e9dit priv\u00e9"},"content":{"rendered":"<p>En bref: un cr\u00e9dit priv\u00e9 permet de surmonter simplement des difficult\u00e9s financi\u00e8res passag\u00e8res. Mais que se passe-t-il si, \u00e0 ce moment pr\u00e9cis\u00e9ment, un <strong>probl\u00e8me de sant\u00e9 ou dans votre vie professionnelle<\/strong> limite votre capacit\u00e9 de paiement, et donc vos possibilit\u00e9s financi\u00e8res? Pour parer \u00e0 cette situation, la \u00abCouverture du paiement de cr\u00e9dit priv\u00e9 Migros\u00bb offre une protection compl\u00e8te \u00e0 un prix attrayant.<\/p>\r\n\r\n<h2 class=\"wp-block-heading\">Pourquoi est-il judicieux d\u2019assurer son cr\u00e9dit?<\/h2>\r\n\r\n\r\n\r\n<p>Vous avez besoin d\u2019une nouvelle voiture ou devez r\u00e9am\u00e9nager votre appartement? \u00c0 moins qu\u2019un traitement m\u00e9dical on\u00e9reux et non pris en charge par la caisse maladie ne s\u2019impose inopin\u00e9ment? Parfois, il ne manque pas grand-chose et pourtant, cela peut suffire \u00e0 mettre \u00e0 mal le budget de votre m\u00e9nage. Un <a href=\"https:\/\/www.migrosbank.ch\/fr\/personnes-privees\/credits\/credit-prive.html\">cr\u00e9dit priv\u00e9<\/a> permet de surmonter simplement des <strong>difficult\u00e9s financi\u00e8res passag\u00e8res<\/strong>. Il est aussi indiqu\u00e9 si vous disposez des moyens financiers n\u00e9cessaires, mais que votre argent est investi et que vous n\u2019avez donc <strong>pas de liquidit\u00e9s suffisantes<\/strong> au moment m\u00eame.<\/p>\r\n\r\n\r\n\r\n<p>Or si un \u00e9v\u00e9nement impr\u00e9vu tel qu\u2019une maladie, un accident ou la perte de votre emploi survient en plus, cela pourrait entra\u00eener une baisse sensible du revenu et remettre en question le paiement de vos mensualit\u00e9s de cr\u00e9dit. Vous pouvez vous pr\u00e9munir contre ce risque de mani\u00e8re simple et avantageuse avec la \u00abCouverture du paiement de cr\u00e9dit priv\u00e9\u00a0Migros\u00bb.<\/p>\r\n<h2>Quels sont vos avantages?<\/h2>\r\n\r\n<ul class=\"wp-block-list\">\r\n<li><strong>Protection<\/strong> pour vous, votre partenaire et votre famille contre les cons\u00e9quences financi\u00e8res d\u2019un accident, d\u2019une maladie, d\u2019une perte d\u2019emploi dont vous n\u2019\u00eates pas responsable et d\u2019un d\u00e9c\u00e8s<\/li>\r\n\r\n\r\n\r\n<li><strong>Aucun examen de sant\u00e9<\/strong> requis<\/li>\r\n\r\n\r\n\r\n<li><strong>Possibilit\u00e9 de souscription pratique<\/strong>, directement avec la demande de cr\u00e9dit en ligne<\/li>\r\n\r\n\r\n\r\n<li><strong>Avantages \u00e9prouv\u00e9s<\/strong> de Migros\u00a0Assurances \u2013 droit de r\u00e9siliation mensuel et points Cumulus pour la contre-valeur de la prime d\u2019assurance<\/li>\r\n\r\n\r\n\r\n<li>P<strong>rix attractif et \u00e9quitable<\/strong> \u2013 prime s\u2019\u00e9levant \u00e0 4,99% de la mensualit\u00e9 de cr\u00e9dit<\/li>\r\n<\/ul>\r\n\r\n<h2>Que comprend la couverture d\u2019assurance?<\/h2>\r\n\r\n<ul class=\"wp-block-list\">\r\n<li><strong>Remboursement,<\/strong> en cas d\u2019invalidit\u00e9 et de d\u00e9c\u00e8s, de l\u2019int\u00e9gralit\u00e9 du montant de cr\u00e9dit d\u00fb<\/li>\r\n\r\n\r\n\r\n<li><strong>Paiement des mensualit\u00e9s de cr\u00e9dit<\/strong> en cas de perte d\u2019emploi dont vous n\u2019\u00eates pas responsable, de m\u00eame que pendant la dur\u00e9e d\u2019une incapacit\u00e9 de travail \u00e0 100% due \u00e0 une maladie ou un accident<\/li>\r\n\r\n\r\n\r\n<li><strong>Assistance juridique gratuite<\/strong> concernant les risques assur\u00e9s: par exemple, si vous \u00eates victime de harc\u00e8lement au travail, en cas de licenciement injustifi\u00e9 ou si votre assurance-accidents ne reconna\u00eet pas un accident<\/li>\r\n<\/ul>\r\n","protected":false},"excerpt":{"rendered":"<p>En bref: un cr\u00e9dit priv\u00e9 permet de surmonter simplement des difficult\u00e9s financi\u00e8res passag\u00e8res. Mais que se passe-t-il si, \u00e0 ce moment pr\u00e9cis\u00e9ment, un probl\u00e8me de sant\u00e9 ou dans votre vie professionnelle limite votre capacit\u00e9 de paiement, et donc vos possibilit\u00e9s financi\u00e8res? Pour parer \u00e0 cette situation, la \u00abCouverture du paiement de cr\u00e9dit priv\u00e9 Migros\u00bb offre [&hellip;]<\/p>\n","protected":false},"author":15,"featured_media":2296,"comment_status":"open","ping_status":"open","sticky":false,"template":"","format":"standard","meta":{"_acf_changed":false,"footnotes":""},"categories":[103],"tags":[],"class_list":["post-2018","post","type-post","status-publish","format-standard","has-post-thumbnail","hentry","category-des-produits"],"acf":[],"_links":{"self":[{"href":"https:\/\/www.migros-versicherungen.ch\/fr\/wp-json\/wp\/v2\/posts\/2018","targetHints":{"allow":["GET"]}}],"collection":[{"href":"https:\/\/www.migros-versicherungen.ch\/fr\/wp-json\/wp\/v2\/posts"}],"about":[{"href":"https:\/\/www.migros-versicherungen.ch\/fr\/wp-json\/wp\/v2\/types\/post"}],"author":[{"embeddable":true,"href":"https:\/\/www.migros-versicherungen.ch\/fr\/wp-json\/wp\/v2\/users\/15"}],"replies":[{"embeddable":true,"href":"https:\/\/www.migros-versicherungen.ch\/fr\/wp-json\/wp\/v2\/comments?post=2018"}],"version-history":[{"count":0,"href":"https:\/\/www.migros-versicherungen.ch\/fr\/wp-json\/wp\/v2\/posts\/2018\/revisions"}],"wp:featuredmedia":[{"embeddable":true,"href":"https:\/\/www.migros-versicherungen.ch\/fr\/wp-json\/wp\/v2\/media\/2296"}],"wp:attachment":[{"href":"https:\/\/www.migros-versicherungen.ch\/fr\/wp-json\/wp\/v2\/media?parent=2018"}],"wp:term":[{"taxonomy":"category","embeddable":true,"href":"https:\/\/www.migros-versicherungen.ch\/fr\/wp-json\/wp\/v2\/categories?post=2018"},{"taxonomy":"post_tag","embeddable":true,"href":"https:\/\/www.migros-versicherungen.ch\/fr\/wp-json\/wp\/v2\/tags?post=2018"}],"curies":[{"name":"wp","href":"https:\/\/api.w.org\/{rel}","templated":true}]}}